{"id":3509,"date":"2019-06-28T09:00:03","date_gmt":"2019-06-28T12:00:03","guid":{"rendered":"https:\/\/xplastic.com.br\/?p=3509"},"modified":"2020-02-26T14:38:09","modified_gmt":"2020-02-26T17:38:09","slug":"orgulho-lgbti-a-historia-a-luta-e-a-expressao-da-sexualidade","status":"publish","type":"post","link":"https:\/\/xplastic.com.br\/blog\/orgulho-lgbti-a-historia-a-luta-e-a-expressao-da-sexualidade\/","title":{"rendered":"Orgulho LGBTI+: a hist\u00f3ria, a luta e a express\u00e3o da sexualidade"},"content":{"rendered":"\n<div class=\"wp-block-image\"><figure class=\"aligncenter\"><img loading=\"lazy\" decoding=\"async\" width=\"1024\" height=\"563\" src=\"https:\/\/xplastic.com.br\/blog\/wp-content\/uploads\/2019\/06\/luta-1024x563.jpg\" alt=\"Manifesta\u00e7\u00e3o contra a discrimina\u00e7\u00e3o LGBTI+ \" class=\"wp-image-3519\" srcset=\"https:\/\/xplastic.com.br\/blog\/wp-content\/uploads\/2019\/06\/luta.jpg 1024w, https:\/\/xplastic.com.br\/blog\/wp-content\/uploads\/2019\/06\/luta-512x282.jpg 512w, https:\/\/xplastic.com.br\/blog\/wp-content\/uploads\/2019\/06\/luta-768x422.jpg 768w\" sizes=\"(max-width: 1024px) 100vw, 1024px\" \/><\/figure><\/div>\n\n\n\n<p>Junho \u00e9 o m\u00eas de celebra\u00e7\u00e3o do Orgulho LGBTI+! A Xplastic comemora junto todas as conquistas advindas de grandes lutas ao longo da hist\u00f3ria. Vem conhecer um pouco mais sobre a trajet\u00f3ria da comunidade no decorrer dos s\u00e9culos. <\/p>\n\n\n\n<h2 class=\"wp-block-heading\">Stonewall Inn &#8211; onde a conquista de direitos LGBTI+ come\u00e7ou<\/h2>\n\n\n\n<div class=\"wp-block-image\"><figure class=\"aligncenter is-resized\"><img loading=\"lazy\" decoding=\"async\" src=\"https:\/\/xplastic.com.br\/blog\/wp-content\/uploads\/2019\/06\/stonewall-2.jpg\" alt=\"Stonewall Inn - luta pelos direitos LGBTI+\" class=\"wp-image-3521\" width=\"434\" height=\"293\"\/><\/figure><\/div>\n\n\n\n<p>Escondidos, reunidos \u00e0 noite em seu momento de divers\u00e3o e libertinagem, mais que isso, liberdade, l\u00e9sbicas, gays, travestis e transexuais eram eles mesmos em Stonewall Inn. Lugar perseguido pelas autoridades policiais que exalavam viol\u00eancia e intransig\u00eancia. Mas, foi nesse mesmo bar que teve in\u00edcio a luta pelos direitos LGBTI+ que perdura at\u00e9 hoje.&nbsp;<\/p>\n\n\n\n<p>At\u00e9 o final da d\u00e9cada de 60, a homossexualidade era perseguida e considerada ilegal nos Estados Unidos, exceto no estado e Illinois. Dessa forma, as pessoas se organizavam em guetos, sempre \u00e0 espreita em uma esp\u00e9cie de vida clandestina para burlar as amarras sociais.&nbsp;<\/p>\n\n\n\n<p>Naquela noite, dia 28 de junho de 1969, policiais invadiram Stonewall Inn, o bar mais frequentado pela popula\u00e7\u00e3o LGBTI+ em Nova York, nessas opera\u00e7\u00f5es morais em busca de \u201ctransgressores\u201d da lei. Mas dessa vez eles disseram n\u00e3o \u00e0 opress\u00e3o.<\/p>\n\n\n\n<div class=\"wp-block-image\"><figure class=\"aligncenter\"><img loading=\"lazy\" decoding=\"async\" width=\"594\" height=\"410\" src=\"https:\/\/xplastic.com.br\/blog\/wp-content\/uploads\/2019\/06\/stonewall.jpg\" alt=\"Protesto Stonewall Inn - luta pelos direitos LGBTI+\" class=\"wp-image-3522\" srcset=\"https:\/\/xplastic.com.br\/blog\/wp-content\/uploads\/2019\/06\/stonewall.jpg 594w, https:\/\/xplastic.com.br\/blog\/wp-content\/uploads\/2019\/06\/stonewall-512x353.jpg 512w\" sizes=\"(max-width: 594px) 100vw, 594px\" \/><figcaption>Foto de Fred W. McDarrah<\/figcaption><\/figure><\/div>\n\n\n\n<p>Eles deram uma basta. Cansados da marginalidade, da viol\u00eancia, do preconceito, dos esconderijos, eles ergueram a cabe\u00e7a e come\u00e7aram o que ficou conhecido como \u201cA Revolta de Stonewall\u201d. E a rea\u00e7\u00e3o extrapolou as paredes do bar e tomou propor\u00e7\u00f5es jamais pensadas. Al\u00e9m de tomar as ruas da cidade, a popula\u00e7\u00e3o aderiu \u00e0 revolta contra a pol\u00edcia. Assim foi por dez dias, luta e sangue.<\/p>\n\n\n\n<p>Uma das figuras mais importantes da Revolta de Stonewall Inn, que muitas vezes \u00e9 deixada de lado pelas narrativas sobre o evento, \u00e9 Marsha P Johnson. Travesti, negra e prostituta, foi ela quem deu o pontap\u00e9 inicial. Teria sido ela a primeira a atirar uma pedra contra os policiais. <\/p>\n\n\n\n<p>Ela era ativista pelos direitos das travestis e transexuais, sendo ativa na organiza\u00e7\u00e3o <strong>Sweet Transvestite Action Revolutionaries<\/strong>\u00a0(<strong>STAR<\/strong>), que acolhia essas pessoas em situa\u00e7\u00e3o de rua,  posi\u00e7\u00e3o que ela mesma se encontrava. <\/p>\n\n\n\n<div class=\"wp-block-image\"><figure class=\"aligncenter\"><img loading=\"lazy\" decoding=\"async\" width=\"800\" height=\"529\" src=\"https:\/\/xplastic.com.br\/blog\/wp-content\/uploads\/2019\/06\/marsha.jpg\" alt=\"Marsha P Johnson\" class=\"wp-image-3532\" srcset=\"https:\/\/xplastic.com.br\/blog\/wp-content\/uploads\/2019\/06\/marsha.jpg 800w, https:\/\/xplastic.com.br\/blog\/wp-content\/uploads\/2019\/06\/marsha-512x339.jpg 512w, https:\/\/xplastic.com.br\/blog\/wp-content\/uploads\/2019\/06\/marsha-768x508.jpg 768w\" sizes=\"(max-width: 800px) 100vw, 800px\" \/><figcaption>Marsha P Johnson<\/figcaption><\/figure><\/div>\n\n\n\n<p>No ano seguinte, pessoas sa\u00edram \u00e0s ruas em uma enorme passeata pedindo por direitos \u00e0 comunidade, movimento que se espalhou pelo mundo todo e hoje \u00e9 celebrada como \u201cParada do Orgulho LGBT\u201d.&nbsp;<\/p>\n\n\n\n<p>De um lugar de ref\u00fagio, tido como antro de devassos e marginais, para o mundo como forma de luta e liberdade. O in\u00edcio de uma longa caminhada por direitos que ainda n\u00e3o se concluiu.&nbsp;<\/p>\n\n\n\n<h2 class=\"wp-block-heading\">Uma breve hist\u00f3ria da homossexualidade<\/h2>\n\n\n\n<p>Tem-se a ideia de que a homossexualidade \u00e9 uma concep\u00e7\u00e3o moderna, um movimento recente e que se tornou moda nos \u00faltimos anos. Mas, na antiguidade, a rela\u00e7\u00e3o entre pessoas do mesmo sexo era comum e o conceito de sujeito homossexual n\u00e3o existia. Os povos que viveram nos anos que antecederam a era comum n\u00e3o viam o sexo apenas como procria\u00e7\u00e3o, mas tamb\u00e9m como fonte de prazer.<\/p>\n\n\n\n<p>Essa vis\u00e3o sobre as rela\u00e7\u00f5es interpessoais est\u00e1 relacionada, em grande medida, com as cren\u00e7as e religi\u00f5es desses povos. As mitologias grega e romana, deuses hindus e babil\u00f4nios tinham como tem\u00e1tica a homo e bissexualidade, que recheavam as hist\u00f3rias m\u00edsticas. O caso mais emblem\u00e1tico \u00e9 a rela\u00e7\u00e3o entre o deus dos deuses, Zeus, e Ganimedes. Apolo, deus Sol, tamb\u00e9m teve in\u00fameros casos amorosos com homens, al\u00e9m do caso entre Hermes e Afrodite que gerou Hermafrodita, a primeira men\u00e7\u00e3o a uma pessoa intersex.&nbsp;<\/p>\n\n\n\n<h3 class=\"wp-block-heading\">Gr\u00e9cia <\/h3>\n\n\n\n<div class=\"wp-block-image\"><figure class=\"aligncenter\"><img loading=\"lazy\" decoding=\"async\" width=\"681\" height=\"649\" src=\"https:\/\/xplastic.com.br\/blog\/wp-content\/uploads\/2019\/06\/grecia.jpg\" alt=\"Cer\u00e2mica grega com representa\u00e7\u00e3o da homossexualidade - LGBTI+ na antiguidade\" class=\"wp-image-3523\" srcset=\"https:\/\/xplastic.com.br\/blog\/wp-content\/uploads\/2019\/06\/grecia.jpg 681w, https:\/\/xplastic.com.br\/blog\/wp-content\/uploads\/2019\/06\/grecia-512x488.jpg 512w\" sizes=\"(max-width: 681px) 100vw, 681px\" \/><\/figure><\/div>\n\n\n\n<p>Na Gr\u00e9cia Antiga, a educa\u00e7\u00e3o dos meninos atenienses era baseada na pederastia (rela\u00e7\u00e3o entre um homem mais velho e um menino). Acreditava-se que a absor\u00e7\u00e3o&nbsp; dos conhecimentos filos\u00f3ficos e intelectuais era passado atrav\u00e9s da rela\u00e7\u00e3o sexual entre o mentos e o aprendiz. Dessa forma, era consentido pela pr\u00f3pria fam\u00edlia que a crian\u00e7a fosse submissa sexual at\u00e9 os 25 anos, idade em que se atingia a maturidade. Segundo S\u00f3crates, um dos mais importantes fil\u00f3sofos gregos, o coito anal \u00e9 a melhor forma de inspira\u00e7\u00e3o.&nbsp;<\/p>\n\n\n\n<h3 class=\"wp-block-heading\">Roma<\/h3>\n\n\n\n<div class=\"wp-block-image\"><figure class=\"aligncenter\"><img loading=\"lazy\" decoding=\"async\" width=\"660\" height=\"371\" src=\"https:\/\/xplastic.com.br\/blog\/wp-content\/uploads\/2019\/06\/gay-na-roma.jpg\" alt=\"Mosaico romano representando a rela\u00e7\u00e3o entre dois homens - LGBTI+ na antiguidade\" class=\"wp-image-3525\" srcset=\"https:\/\/xplastic.com.br\/blog\/wp-content\/uploads\/2019\/06\/gay-na-roma.jpg 660w, https:\/\/xplastic.com.br\/blog\/wp-content\/uploads\/2019\/06\/gay-na-roma-512x288.jpg 512w\" sizes=\"(max-width: 660px) 100vw, 660px\" \/><\/figure><\/div>\n\n\n\n<p>Em Roma, o maior imp\u00e9rio da Antiguidade, assim como a Gr\u00e9cia, tamb\u00e9m tinha corriqueiramente casos de pederastia. Grandes nomes da vida p\u00fablica como J\u00falio C\u00e9sar,&nbsp; Tib\u00e9rio, Cal\u00edgula, Nero, Adriano, Heliog\u00e1balo, Galba, Caracala dentre outros tiveram a express\u00e3o da bissexualidade ou homossexualidade. At\u00e9 mesmo Constantino, a primeira autoridade crist\u00e3, n\u00e3o via as rela\u00e7\u00f5es entre pessoas do mesmo sexo como um problema.&nbsp;<\/p>\n\n\n\n<h3 class=\"wp-block-heading\">Idade M\u00e9dia<\/h3>\n\n\n\n<div class=\"wp-block-image\"><figure class=\"aligncenter\"><img loading=\"lazy\" decoding=\"async\" width=\"597\" height=\"855\" src=\"https:\/\/xplastic.com.br\/blog\/wp-content\/uploads\/2019\/06\/medievo.jpg\" alt=\"arte medieval \" class=\"wp-image-3526\" srcset=\"https:\/\/xplastic.com.br\/blog\/wp-content\/uploads\/2019\/06\/medievo.jpg 597w, https:\/\/xplastic.com.br\/blog\/wp-content\/uploads\/2019\/06\/medievo-358x512.jpg 358w\" sizes=\"(max-width: 597px) 100vw, 597px\" \/><\/figure><\/div>\n\n\n\n<p>As coisas, no entanto, come\u00e7aram a mudar com o advento do cristianismo. Com os pilares da sociedade medieval, a religi\u00e3o se tornou algo inquestion\u00e1vel, inabal\u00e1vel e intoc\u00e1vel. As escrituras e os ensinamentos religiosos se tornaram uma grande forma de controle social. E para se ter total controle sobre um povo, as medidas devem atingir a vida pessoal do indiv\u00edduo. Da\u00ed a import\u00e2ncia de tornar o sexo um pecado, servindo apenas para a procria\u00e7\u00e3o. E o homem medieval n\u00e3o quer pecar. A quest\u00e3o da heran\u00e7a refor\u00e7ou a ideia de casamento, sendo que as rela\u00e7\u00f5es que n\u00e3o gerassem herdeiros muito mal vistas.&nbsp;<\/p>\n\n\n\n<p>A inquisi\u00e7\u00e3o, instaurada pelo Papa Greg\u00f3rio, perseguia homens, mulheres e crian\u00e7as que \u201ccometeram heresias\u201d. Os homossexuais eram fortemente perseguidos e torturados, sendo que no Brasil foram registradas mais de 4 mil den\u00fancias de sodomia e mais de 30 condena\u00e7\u00f5es \u00e0 fogueira.<\/p>\n\n\n\n<h3 class=\"wp-block-heading\">Renascimento<\/h3>\n\n\n\n<div class=\"wp-block-image\"><figure class=\"aligncenter\"><img loading=\"lazy\" decoding=\"async\" width=\"564\" height=\"361\" src=\"https:\/\/xplastic.com.br\/blog\/wp-content\/uploads\/2019\/06\/venus.jpg\" alt=\"O nascimento de v\u00eanus quadro\" class=\"wp-image-3527\" srcset=\"https:\/\/xplastic.com.br\/blog\/wp-content\/uploads\/2019\/06\/venus.jpg 564w, https:\/\/xplastic.com.br\/blog\/wp-content\/uploads\/2019\/06\/venus-512x328.jpg 512w\" sizes=\"(max-width: 564px) 100vw, 564px\" \/><figcaption>O nascimento de V\u00eanus &#8211; Botticelli<\/figcaption><\/figure><\/div>\n\n\n\n<p>Mas, a partir do s\u00e9culo XV, com o florescer do Humanismo, a cultura cl\u00e1ssica foi resgatada, junto dela alguns valores referentes \u00e0 sexualidade. Artistas consagrados como Leonardo da Vinci, Botticelli Michelangelo eram homossexuais. Com o pensamento religioso ainda arraigado e as novas religi\u00f5es protestantes, o preconceito contra homossexuais permaneceu forte.<\/p>\n\n\n\n<h3 class=\"wp-block-heading\">Idade Moderna<\/h3>\n\n\n\n<div class=\"wp-block-image\"><figure class=\"aligncenter\"><img loading=\"lazy\" decoding=\"async\" width=\"615\" height=\"470\" src=\"https:\/\/xplastic.com.br\/blog\/wp-content\/uploads\/2019\/06\/sec-xix.jpg\" alt=\"F\u00e1brica no s\u00e9culo XIX\" class=\"wp-image-3528\" srcset=\"https:\/\/xplastic.com.br\/blog\/wp-content\/uploads\/2019\/06\/sec-xix.jpg 615w, https:\/\/xplastic.com.br\/blog\/wp-content\/uploads\/2019\/06\/sec-xix-512x391.jpg 512w\" sizes=\"(max-width: 615px) 100vw, 615px\" \/><figcaption>F\u00e1brica do s\u00e9culo XIX<\/figcaption><\/figure><\/div>\n\n\n\n<p>A modernidade, as novas din\u00e2micas sociais, as inven\u00e7\u00f5es t\u00e9cnicas e revolu\u00e7\u00f5es industriais mudaram completamente o modo de vida das pessoas. Algo nunca visto antes. A era do cientificismo est\u00e1 no auge e com ele, algumas quest\u00f5es se perpetraram e invadiram o meio cient\u00edfico. Agora, a homossexualidade era vista n\u00e3o como pecado, mas como doen\u00e7a. Homossexualismo: o sufixo ismo d\u00e1 essa concep\u00e7\u00e3o patol\u00f3gica ao termo. Em tentativas de cura para pessoas LGBT, a lobotomia foi desenvolvida pelo neurocirurgi\u00e3o portugu\u00eas Ant\u00f3nio Egas Moniz. A t\u00e9cnica m\u00e9dica consistia em uma cirurgia cerebral, que previa um corte no c\u00e9rebro (mais precisamente no c\u00f3rtex pr\u00e9-frontal). Somente em 1990 a homossexualidade foi retirada da lista de doen\u00e7as pela Organiza\u00e7\u00e3o Mundial da Sa\u00fade.<\/p>\n\n\n\n<blockquote class=\"wp-block-quote is-layout-flow wp-block-quote-is-layout-flow\"><p> \u201cNa medida em que o Estado foi deixando de se submeter \u00e0s regras da Igreja, cujo descumprimento acarretava na condena\u00e7\u00e3o divina, a sociedade aos poucos foi se tornando menos homof\u00f3bica. Na medida em que a Igreja perdia suas for\u00e7as, o prazer deixou de ser encarado como um pecado.\u201d<\/p><cite>  ibdfam.org.br <\/cite><\/blockquote>\n\n\n\n<h2 class=\"wp-block-heading\">O estigma do HIV para a comunidade LGBTI+<\/h2>\n\n\n\n<div class=\"wp-block-image\"><figure class=\"aligncenter\"><img loading=\"lazy\" decoding=\"async\" width=\"650\" height=\"609\" src=\"https:\/\/xplastic.com.br\/blog\/wp-content\/uploads\/2019\/06\/peste-gay.jpg\" alt=\"&quot;Peste gay j\u00e1 apavora S\u00e3o Paulo&quot; an\u00fancio de jornal - estigma LGBTI+\" class=\"wp-image-3511\" srcset=\"https:\/\/xplastic.com.br\/blog\/wp-content\/uploads\/2019\/06\/peste-gay.jpg 650w, https:\/\/xplastic.com.br\/blog\/wp-content\/uploads\/2019\/06\/peste-gay-512x480.jpg 512w\" sizes=\"(max-width: 650px) 100vw, 650px\" \/><\/figure><\/div>\n\n\n\n<p>Nos anos 80, o v\u00edrus do HIV se disseminou pelo mundo mundo, tornando a AIDS uma epidemia global. O desconhecimento acerca da nova infec\u00e7\u00e3o que assolou a popula\u00e7\u00e3o, criou estigmas sobre a comunidade LGBT. Conhecida como a \u201cpeste gay\u201d, despontou o primeiro caso de AIDS no Brasil na cidade de S\u00e3o Paulo.<\/p>\n\n\n\n<p>A grande incid\u00eancia do v\u00edrus em pessoas LGBTI+ e usu\u00e1rios de drogas injet\u00e1veis fez com que esses grupos fossem considerados os grandes disseminadores da infec\u00e7\u00e3o. Acreditava-se que o v\u00edrus estava restrito aos homossexuais. Dessa forma, o HIV e a AIDS foram janelas que refletiram ideais e quest\u00f5es sociais, principalmente revelando ainda mais o preconceito.<\/p>\n\n\n\n<p style=\"text-align:left\" class=\"has-background has-luminous-vivid-amber-background-color\">\u201cO movimento homossexual tinha uma quest\u00e3o particular: a eclos\u00e3o da epidemia de Aids, que afetou com mais for\u00e7a e primeiramente homossexuais homens, assim como bissexuais, travestis e transexuais no in\u00edcio da d\u00e9cada de 1980. Homossexuais ganharam um novo estigma, como vetores de uma doen\u00e7a mort\u00edfera, e a pauta da libera\u00e7\u00e3o sexual se esvaziou frente \u00e0 nova crise de sa\u00fade p\u00fablica.\u201d                                                                                 &#8211; Nexo Jornal<\/p>\n\n\n\n<p>Com a luta contra \u00e0 infec\u00e7\u00e3o e contra o preconceito, militantes de \u00f3rg\u00e3os como o Grupo de Apoio e Preven\u00e7\u00e3o \u00e0 AIDS (GAPA), Grupo Pela Vida e a Associa\u00e7\u00e3o Interdisciplinar de AIDS foram respons\u00e1veis por desenvolver programas estaduais de combate aos v\u00edrus do HIV.<\/p>\n\n\n\n<div class=\"wp-block-image\"><figure class=\"aligncenter is-resized\"><img loading=\"lazy\" decoding=\"async\" src=\"https:\/\/xplastic.com.br\/blog\/wp-content\/uploads\/2019\/06\/bicha-desgra\u00e7ada.jpg\" alt=\"&quot;AIDS \u00e9 castigo de Deus, porque bicha \u00e9 ra\u00e7a desgra\u00e7ada&quot; an\u00fancio de jornal contra os LGBTI+\" class=\"wp-image-3512\" width=\"532\" height=\"299\"\/><figcaption> empoderadxs.com.br<\/figcaption><\/figure><\/div>\n\n\n\n<p>Ainda hoje, as pessoas contempladas pela sigla LGBTI+ ainda s\u00e3o gravemente atingidas pelo HIV. De 2007 at\u00e9 junho de 2018, foram notificados mais de 247 mil casos de infec\u00e7\u00e3o pelo HIV no Brasil, sendo na regi\u00e3o sudeste o maior \u00edndice (47,4%). Segundo o minist\u00e9rio da Sa\u00fade, a maior porcentagem de infec\u00e7\u00e3o est\u00e1 entre os homens (68,6%). No senso que considera pessoas maiores de 13 anos e de acordo com a categoria de exposi\u00e7\u00e3o, verificou-se que 59,4% dos casos foram decorrentes de exposi\u00e7\u00e3o homossexual ou bissexual.<\/p>\n\n\n\n<p>At\u00e9 pouco tempo atr\u00e1s, os \u00edndices de HIV e AIDS em pessoas trans eram contabilizados juntamente com homens e mulheres que se relacionam com pessoas do mesmo sexo, o que n\u00e3o nos d\u00e1 dados precisos sobre a infec\u00e7\u00e3o desse grupo em espec\u00edfico.<\/p>\n\n\n\n<p>Sendo assim, ainda \u00e9 alarmante a concentra\u00e7\u00e3o do v\u00edrus na popula\u00e7\u00e3o LGBTI+. Mas, gra\u00e7as aos avan\u00e7os medicinais e ao maior conhecimento sobre a infec\u00e7\u00e3o, h\u00e1 diversas formas de tratamento e preven\u00e7\u00e3o, detec\u00e7\u00e3o e identifica\u00e7\u00e3o do v\u00edrus, al\u00e9m da luta pelo combate \u00e0 sorofobia principalmente entre pessoas LGBTI+.<\/p>\n\n\n\n<h2 class=\"wp-block-heading\">A revolta de Ferro&#8217;s Bar<\/h2>\n\n\n\n<div class=\"wp-block-image\"><figure class=\"aligncenter\"><img loading=\"lazy\" decoding=\"async\" width=\"658\" height=\"1024\" src=\"https:\/\/xplastic.com.br\/blog\/wp-content\/uploads\/2019\/06\/ferros-bar-658x1024.jpg\" alt=\"Ferro's Bar - luta LGBTI+ no brasil\" class=\"wp-image-3513\" srcset=\"https:\/\/xplastic.com.br\/blog\/wp-content\/uploads\/2019\/06\/ferros-bar-658x1024.jpg 658w, https:\/\/xplastic.com.br\/blog\/wp-content\/uploads\/2019\/06\/ferros-bar-329x512.jpg 329w, https:\/\/xplastic.com.br\/blog\/wp-content\/uploads\/2019\/06\/ferros-bar-768x1195.jpg 768w, https:\/\/xplastic.com.br\/blog\/wp-content\/uploads\/2019\/06\/ferros-bar.jpg 1028w\" sizes=\"(max-width: 658px) 100vw, 658px\" \/><\/figure><\/div>\n\n\n\n<p>O movimento LGBTI+ tamb\u00e9m reverberou pelas cidades brasileiras como forma de autoafirma\u00e7\u00e3o e liberdade. Os guetos, locais de livre circula\u00e7\u00e3o de l\u00e9sbicas, <a href=\"https:\/\/www.safada.tv\/gouinage-o-prazer-sem-penetracao\/\" target=\"_blank\" rel=\"noreferrer noopener\" aria-label=\"gays (abre numa nova aba)\">gays<\/a>, transexuais e travestis s\u00e3o os precursores da luta por direitos da comunidade no Brasil.&nbsp;<\/p>\n\n\n\n<p>Em 1978, nasceu o primeiro grupo homossexual do pa\u00eds, o Grupo Somos. Um ano mais tarde florescia o Grupo L\u00e9sbicas-feministas originou o GALF (Grupo A\u00e7\u00e3o L\u00e9sbica Feminista), que foram respons\u00e1veis pela cria\u00e7\u00e3o do Jornal \u201cChana com Chana\u201d, que tratava de quest\u00f5es relativas \u00e0s mulheres l\u00e9sbicas. Outro jornal de circula\u00e7\u00e3o nacional promovido pela imprensa alternativa foi o \u201cLampi\u00e3o da Esquina\u201d que se debru\u00e7ava sobre a tem\u00e1tica homossexual, sendo publicado de 1978 at\u00e9 1981.&nbsp;<\/p>\n\n\n\n<div class=\"wp-block-image\"><figure class=\"aligncenter\"><img loading=\"lazy\" decoding=\"async\" width=\"687\" height=\"1024\" src=\"https:\/\/xplastic.com.br\/blog\/wp-content\/uploads\/2019\/06\/chana-com-chana-687x1024.jpg\" alt=\"Jornal Chana com Chana - Jornal LGBTI+\" class=\"wp-image-3517\" srcset=\"https:\/\/xplastic.com.br\/blog\/wp-content\/uploads\/2019\/06\/chana-com-chana-687x1024.jpg 687w, https:\/\/xplastic.com.br\/blog\/wp-content\/uploads\/2019\/06\/chana-com-chana-344x512.jpg 344w, https:\/\/xplastic.com.br\/blog\/wp-content\/uploads\/2019\/06\/chana-com-chana-768x1144.jpg 768w, https:\/\/xplastic.com.br\/blog\/wp-content\/uploads\/2019\/06\/chana-com-chana.jpg 1074w\" sizes=\"(max-width: 687px) 100vw, 687px\" \/><\/figure><\/div>\n\n\n\n<p>As ativistas e produtoras do \u201cChana com Chana\u201d vendiam o jornal no Ferro\u2019s Bar, estabelecimento muito frequentados por l\u00e9sbicas e feministas. O dono do local passou a discriminar as redatoras e proibiu a venda do jornal. E no dia 29 de agosto de 1983, quando o dono tentou expulsar as mulheres do local, que sustentavam a renda do estabelecimento. A expuls\u00e3o e nega\u00e7\u00e3o do boletim l\u00e9sbico foram o estopim do Levante de Ferro\u2019s Bar.<\/p>\n\n\n\n<div class=\"wp-block-image\"><figure class=\"aligncenter\"><img loading=\"lazy\" decoding=\"async\" width=\"1024\" height=\"546\" src=\"https:\/\/xplastic.com.br\/blog\/wp-content\/uploads\/2019\/06\/ferros-bar-2-1024x546.jpg\" alt=\"L\u00e9sbicas reunidas na revolta de Ferro's Bar - Luta LGBTI+ no Brasil\" class=\"wp-image-3514\" srcset=\"https:\/\/xplastic.com.br\/blog\/wp-content\/uploads\/2019\/06\/ferros-bar-2-1024x546.jpg 1024w, https:\/\/xplastic.com.br\/blog\/wp-content\/uploads\/2019\/06\/ferros-bar-2-512x273.jpg 512w, https:\/\/xplastic.com.br\/blog\/wp-content\/uploads\/2019\/06\/ferros-bar-2-768x410.jpg 768w, https:\/\/xplastic.com.br\/blog\/wp-content\/uploads\/2019\/06\/ferros-bar-2.jpg 1200w\" sizes=\"(max-width: 1024px) 100vw, 1024px\" \/><figcaption>Revista CULT<\/figcaption><\/figure><\/div>\n\n\n\n<p>Liderados por Rosely Roth, as mulheres desafiaram a censura em meio \u00e0 Ditadura militar. For\u00e7aram a entrada no bar, leram o manifesto dos direitos da mulher l\u00e9sbica e gritaram palavras de ordem contra a repress\u00e3o discriminat\u00f3ria. O evento contou com a presen\u00e7a de Eduardo Suplicy, da vereadora Irede Cardoso e de grupos homossexuais e feministas.<\/p>\n\n\n\n<p>Al\u00e9m de ser a primeira revolta l\u00e9sbica no Brasil, o dia 29 de agosto ficou marcado pelo apoio das feministas \u00e0 quest\u00e3o das l\u00e9sbicas e tamb\u00e9m ficou registrado como o dia do orgulho l\u00e9sbico.&nbsp;<\/p>\n\n\n\n<h2 class=\"wp-block-heading\">Opera\u00e7\u00e3o Tar\u00e2ntula<\/h2>\n\n\n\n<ul class=\"wp-block-gallery aligncenter columns-2 is-cropped wp-block-gallery-1 is-layout-flex wp-block-gallery-is-layout-flex\"><li class=\"blocks-gallery-item\"><figure><img loading=\"lazy\" decoding=\"async\" width=\"627\" height=\"400\" src=\"https:\/\/xplastic.com.br\/blog\/wp-content\/uploads\/2019\/06\/lampiao-2.jpg\" alt=\"jornal Lampi\u00e3o da esquina _ tem\u00e1tica LGBTI+\" data-id=\"3515\" data-link=\"https:\/\/xplastic.com.br\/?attachment_id=3515\" class=\"wp-image-3515\" srcset=\"https:\/\/xplastic.com.br\/blog\/wp-content\/uploads\/2019\/06\/lampiao-2.jpg 627w, https:\/\/xplastic.com.br\/blog\/wp-content\/uploads\/2019\/06\/lampiao-2-512x327.jpg 512w\" sizes=\"(max-width: 627px) 100vw, 627px\" \/><\/figure><\/li><li class=\"blocks-gallery-item\"><figure><img loading=\"lazy\" decoding=\"async\" width=\"625\" height=\"351\" src=\"https:\/\/xplastic.com.br\/blog\/wp-content\/uploads\/2019\/06\/lampiao.jpg\" alt=\"jornal Lampi\u00e3o da esquina _ tem\u00e1tica LGBTI+\" data-id=\"3516\" data-link=\"https:\/\/xplastic.com.br\/?attachment_id=3516\" class=\"wp-image-3516\" srcset=\"https:\/\/xplastic.com.br\/blog\/wp-content\/uploads\/2019\/06\/lampiao.jpg 625w, https:\/\/xplastic.com.br\/blog\/wp-content\/uploads\/2019\/06\/lampiao-512x288.jpg 512w\" sizes=\"(max-width: 625px) 100vw, 625px\" \/><\/figure><\/li><\/ul>\n\n\n\n<p>Em meio aos anos de Ditadura Militar, a persegui\u00e7\u00e3o \u00e0s pessoas LGBTI+ foi dura. Durante os anos 70 e 80 despontou uma opera\u00e7\u00e3o policial que pretendia fazer uma \u201climpeza\u201d, desinfetar as cidades do pa\u00eds. A Opera\u00e7\u00e3o Tar\u00e2ntula foi uma ca\u00e7a \u00e0 <a href=\"https:\/\/www.safada.tv\/o-desejo-por-transexuais-o-consumo-pornografico-do-brasileiro\/\" target=\"_blank\" rel=\"noreferrer noopener\" aria-label=\"transexuais (abre numa nova aba)\">transexuais<\/a> e travestis apoiado pela popula\u00e7\u00e3o.<\/p>\n\n\n\n<p>Cerca de 300 mulheres trans e travestis foram perseguidas pela pol\u00edcia que dizia estar \u201ccombatendo a AIDS\u201d. A opera\u00e7\u00e3o teve in\u00edcio em 27 de fevereiro de 1987 e em seu primeiro dia de atua\u00e7\u00e3o, prendeu 56 pessoas.&nbsp;<\/p>\n\n\n\n<p>Essa ca\u00e7a terminou com a den\u00fancia de grupos favor\u00e1veis aos direitos LGBT+ \u00e0 Secretaria Estadual de Seguran\u00e7a P\u00fablica. O secret\u00e1rio Eduardo Muylaert p\u00f4s fim \u00e0 opera\u00e7\u00e3o que, segundo ele, era movida por quest\u00f5es ideol\u00f3gicas de uma pol\u00edcia acostumada a dar porrada.<\/p>\n\n\n\n<figure class=\"wp-block-embed-youtube aligncenter wp-block-embed is-type-video is-provider-youtube wp-embed-aspect-16-9 wp-has-aspect-ratio\"><div class=\"wp-block-embed__wrapper\">\n<iframe loading=\"lazy\" title=\"1987 - Opera\u00e7\u00e3o Tar\u00e2ntula Para Exterminar Homossexuais\" width=\"668\" height=\"376\" src=\"https:\/\/www.youtube.com\/embed\/sPWUGaQXqwc?feature=oembed\" frameborder=\"0\" allow=\"accelerometer; autoplay; encrypted-media; gyroscope; picture-in-picture\" allowfullscreen><\/iframe>\n<\/div><\/figure>\n\n\n\n<h2 class=\"wp-block-heading\">As conquistas do movimento LGBTI+ no Brasil<\/h2>\n\n\n\n<p>A luta pelos direitos dos LGBTI+ foi fortemente marcada pela viol\u00eancia e repress\u00e3o, mas tamb\u00e9m teve suas conquistas significativas que est\u00e3o fortalecendo os pilares da comunidade perante \u00e0 sociedade. E quais foram essas conquistas?<\/p>\n\n\n\n<h3 class=\"wp-block-heading\">Casamento<\/h3>\n\n\n\n<p>Em 2011, no m\u00eas de maio, o Supremo Tribunal Federal reconheceu o casamento entre pessoas do mesmo sexo como uma entidade familiar. Mais tarde, o Conselho Nacional de Justi\u00e7a proibiu que os cart\u00f3rios recusassem a realizar casamentos homoafetivos em todo o Brasil.<\/p>\n\n\n\n<h3 class=\"wp-block-heading\">Nome social<\/h3>\n\n\n\n<p>Desde 2016, \u00e9 permitido que pessoas utilizem o nome social para identifica\u00e7\u00e3o. O Supremo Tribunal de Justi\u00e7a decidiu que pessoas transexuais podem mudar o nome em seus documentos civis sem passar pela transi\u00e7\u00e3o ou cirurgia. Essa \u00e9 uma antiga demanda do movimento LGBT+, porque o processo de transi\u00e7\u00e3o \u00e9 perigoso e lento.<\/p>\n\n\n\n<h3 class=\"wp-block-heading\">Ado\u00e7\u00e3o<\/h3>\n\n\n\n<p>Em 2008, o Conselho Nacional de Justi\u00e7a modificou a identifica\u00e7\u00e3o no registro geral de \u201cpai e m\u00e3e\u201d para filia\u00e7\u00e3o, o que permitiu a ado\u00e7\u00e3o de crian\u00e7as por casais homoafetivos. A primeira ado\u00e7\u00e3o de uma crian\u00e7a nessas condi\u00e7\u00f5es, foi em 2005.<\/p>\n\n\n\n<h3 class=\"wp-block-heading\">Mudan\u00e7a de sexo oferecida pelo SUS<\/h3>\n\n\n\n<p>O Sistema \u00fanico de Sa\u00fade passou a oferecer a cirurgia de mudan\u00e7a de sexo para homens e mulheres em 2008 e 2013 respectivamente. o governo tamb\u00e9m disponibiliza assist\u00eancia ambulatorial com psic\u00f3logos e outros profissionais para auxiliar no processo de redesigna\u00e7\u00e3o sexual. E, a partir de 2015, o SUS passou a realizar fertiliza\u00e7\u00e3o para casais homossexuais.<\/p>\n\n\n\n<h3 class=\"wp-block-heading\"> Criminaliza\u00e7\u00e3o da homotransfobia<\/h3>\n\n\n\n<p> No dia 13 de junho de 2019, a discrimina\u00e7\u00e3o de pessoas LGBT+ foi criminalizada pela justi\u00e7a brasileira, sendo a quest\u00e3o enquadrada na Lei contra o Racismo. Trata-se de uma medida punitiva contra a intoler\u00e2ncia, discrimina\u00e7\u00e3o e preconceito, prevendo reclus\u00e3o de at\u00e9 tr\u00eas anos e pagamento de multa. O projeto tamb\u00e9m pune quem se recusar a oferecer emprego por conta de g\u00eanero e orienta\u00e7\u00e3o sexual, impedir acesso ou atendimento de pessoas LGBT+ em estabelecimentos comerciais ou locais p\u00fablicos. <\/p>\n\n\n\n<h3 class=\"wp-block-heading\">Presen\u00e7a nas m\u00eddias<\/h3>\n\n\n\n<p>Cada vez mais as pessoas LGBT+ t\u00eam sido representadas nas m\u00eddias e ganhado voz nas produ\u00e7\u00f5es audiovisuais. A publicidade, filmes, novelas, notici\u00e1rios e livros t\u00eam abordado com mais frequ\u00eancia as figuras de gays, l\u00e9sbicas, trans e travestis.&nbsp;<\/p>\n\n\n\n<h3 class=\"wp-block-heading\">Presen\u00e7a em \u00f3rg\u00e3os p\u00fablicos<\/h3>\n\n\n\n<p>Clodovil Hernandez foi o primeiro gay assumido eleito deputado federal. Jean Wyllys, tamb\u00e9m como deputado federal, foi eleito em 2010 e \u00e9 ativista pelos direitos LGBTI+. Em 2018, Erica Malunguinho foi a primeira mulher trans a compor a Assembleia Legislativa Paulista.&nbsp;<\/p>\n\n\n\n<h2 class=\"wp-block-heading\">Conclus\u00e3o e novos desafios<\/h2>\n\n\n\n<p>O mundo muda, as pessoas mudam, as lutas s\u00e3o novas, as conquistas e desafios s\u00e3o novos. A comunidade LGBT+ teve sua exist\u00eancia marcada pela persegui\u00e7\u00e3o e viol\u00eancia, repress\u00e3o de sua sexualidade e sua liberdade ferida. A luta por direitos nasceu  exist\u00eancia, pela afirma\u00e7\u00e3o do pr\u00f3prio eu, pela vontade de ser simplesmente quem se \u00e9.<\/p>\n\n\n\n<p>As conquistas chegam e com elas novas quest\u00f5es e desafios surgem, porque diante de todo movimento h\u00e1 oposi\u00e7\u00e3o. Hoje, grupos conservadores atuam de forma contr\u00e1ria \u00e0 manuten\u00e7\u00e3o destes direitos da comunidade LGBTI+. Mas, juntos, com muita for\u00e7a, luta, respeito e empatia \u00e9 poss\u00edvel caminhar a lugares nunca antes visitados. E, a passos lentos, vamos criando um caminho. E tudo isso para garantir direito individual \u00e0 express\u00e3o da sexualidade e liberdade.<\/p>\n\n\n\n<div class=\"wp-block-image\"><figure class=\"aligncenter\"><img loading=\"lazy\" decoding=\"async\" width=\"1024\" height=\"363\" src=\"https:\/\/xplastic.com.br\/blog\/wp-content\/uploads\/2019\/06\/pink-money-1-1024x363.jpg\" alt=\"\" class=\"wp-image-3530\" srcset=\"https:\/\/xplastic.com.br\/blog\/wp-content\/uploads\/2019\/06\/pink-money-1-1024x363.jpg 1024w, https:\/\/xplastic.com.br\/blog\/wp-content\/uploads\/2019\/06\/pink-money-1-512x182.jpg 512w, https:\/\/xplastic.com.br\/blog\/wp-content\/uploads\/2019\/06\/pink-money-1-768x272.jpg 768w, https:\/\/xplastic.com.br\/blog\/wp-content\/uploads\/2019\/06\/pink-money-1.jpg 1920w\" sizes=\"(max-width: 1024px) 100vw, 1024px\" \/><\/figure><\/div>\n\n\n\n<p>Por outro lado, pela grande demanda da comunidade LGBT+ que tem ganhado for\u00e7a, empresas e marcas t\u00eam se apropriado da luta para ganhar adeptos e aumentar os lucros. Trata-se do pink washing, um novo desafio a ser enfrentado pelos LGBT+. Isso, porque o pink money, que \u00e9 o potencial de consumo LGBT+ \u00e9 muito alto, o que chama aten\u00e7\u00e3o das organiza\u00e7\u00f5es.<\/p>\n\n\n\n<p>Apesar das grandes conquistas citadas acima, h\u00e1 muito o que mudar. O Brasil ainda \u00e9 o pa\u00eds que mais mata pessoas LGBTI+ no mundo, apesar de estar no topo em consumo de pornografia Trans e l\u00e9sbica. <\/p>\n\n\n\n<p>A Xplastic repudia qualquer tipo de preconceito, intoler\u00e2ncia e desrespeito. Sendo uma produtora alternativa de pornografia, a tem\u00e1tica LGBT se faz muito presente nas produ\u00e7\u00f5es audiovisuais. Para voc\u00ea orgulhar esse dia em um estilo ativista e ao mesmo tempo delicioso, vem conferir alguns v\u00eddeos!<\/p>\n\n\n\n<p><a href=\"https:\/\/videos.xplastic.com.br\/colecoes\/porno-feito-por-mulheres-2801\/brancas-como-leite-parte-ii-21208\">Brancas como Leite<\/a><\/p>\n\n\n\n<p><a href=\"https:\/\/videos.xplastic.com.br\/colecoes\/porno-feito-por-mulheres-2801\/que-trazes-para-mim-episodio-ii-21203\">Que trazes para mim?<\/a><\/p>\n\n\n\n<p><a href=\"https:\/\/videos.xplastic.com.br\/colecoes\/ensaios-sensuais-2799\/transgirl-carla-novaes-27770\">Ensaio sensual da Transgirl Carla Novaes<\/a><\/p>\n\n\n\n<p><a href=\"https:\/\/videos.xplastic.com.br\/colecoes\/porno-feito-por-mulheres-2801\/party-girls-hard-episodio-i-21090\">Party Girls Hard<\/a><\/p>\n\n\n\n<p><a href=\"https:\/\/videos.xplastic.com.br\/colecoes\/filme-porno-xplastic-2797\/venus-em-glitter-4-31696\">V\u00eanus em Glitter<\/a><\/p>\n","protected":false},"excerpt":{"rendered":"<p>Junho \u00e9 o m\u00eas de celebra\u00e7\u00e3o do Orgulho LGBTI+! A Xplastic comemora junto todas as conquistas advindas de grandes lutas ao longo da hist\u00f3ria. Vem&#8230;<\/p>\n","protected":false},"author":2,"featured_media":3518,"comment_status":"open","ping_status":"closed","sticky":false,"template":"","format":"standard","meta":{"_monsterinsights_skip_tracking":false,"_monsterinsights_sitenote_active":false,"_monsterinsights_sitenote_note":"","_monsterinsights_sitenote_category":0,"kk_blocks_editor_width":"","_kiokenblocks_attr":"","_kiokenblocks_dimensions":"","footnotes":""},"categories":[10],"tags":[],"class_list":["post-3509","post","type-post","status-publish","format-standard","has-post-thumbnail","hentry","category-reportagens"],"acf":[],"yoast_head":"<!-- This site is optimized with the Yoast SEO plugin v20.8 - https:\/\/yoast.com\/wordpress\/plugins\/seo\/ -->\n<title>Orgulho LGBTI+: a hist\u00f3ria, a luta e a express\u00e3o da sexualidade<\/title>\n<meta name=\"description\" content=\"No m\u00eas do Orgulho LGBTI+, a Xplastic preparou um artigo falando sobre a hist\u00f3ria de luta e conquistas da comunidade que busca pela liberdade de ser quem \u00e9.\" \/>\n<meta name=\"robots\" content=\"index, follow, max-snippet:-1, max-image-preview:large, max-video-preview:-1\" \/>\n<link rel=\"canonical\" href=\"https:\/\/xplastic.com.br\/blog\/orgulho-lgbti-a-historia-a-luta-e-a-expressao-da-sexualidade\/\" \/>\n<meta property=\"og:locale\" content=\"pt_BR\" \/>\n<meta property=\"og:type\" content=\"article\" \/>\n<meta property=\"og:title\" content=\"Orgulho LGBTI+: a hist\u00f3ria, a luta e a express\u00e3o da sexualidade\" \/>\n<meta property=\"og:description\" content=\"No m\u00eas do Orgulho LGBTI+, a Xplastic preparou um artigo falando sobre a hist\u00f3ria de luta e conquistas da comunidade que busca pela liberdade de ser quem \u00e9.\" \/>\n<meta property=\"og:url\" content=\"https:\/\/xplastic.com.br\/blog\/orgulho-lgbti-a-historia-a-luta-e-a-expressao-da-sexualidade\/\" \/>\n<meta property=\"og:site_name\" content=\"Xplastic Altporn\" \/>\n<meta property=\"article:published_time\" content=\"2019-06-28T12:00:03+00:00\" \/>\n<meta property=\"article:modified_time\" content=\"2020-02-26T17:38:09+00:00\" \/>\n<meta property=\"og:image\" content=\"https:\/\/xplastic.com.br\/blog\/wp-content\/uploads\/2019\/06\/parada-lgbt.jpg\" \/>\n\t<meta property=\"og:image:width\" content=\"564\" \/>\n\t<meta property=\"og:image:height\" content=\"423\" \/>\n\t<meta property=\"og:image:type\" content=\"image\/jpeg\" \/>\n<meta name=\"author\" content=\"xplastic\" \/>\n<meta name=\"twitter:card\" content=\"summary_large_image\" \/>\n<meta name=\"twitter:label1\" content=\"Escrito por\" \/>\n\t<meta name=\"twitter:data1\" content=\"xplastic\" \/>\n\t<meta name=\"twitter:label2\" content=\"Est. tempo de leitura\" \/>\n\t<meta name=\"twitter:data2\" content=\"14 minutos\" \/>\n<script type=\"application\/ld+json\" class=\"yoast-schema-graph\">{\"@context\":\"https:\/\/schema.org\",\"@graph\":[{\"@type\":\"Article\",\"@id\":\"https:\/\/xplastic.com.br\/blog\/orgulho-lgbti-a-historia-a-luta-e-a-expressao-da-sexualidade\/#article\",\"isPartOf\":{\"@id\":\"https:\/\/xplastic.com.br\/blog\/orgulho-lgbti-a-historia-a-luta-e-a-expressao-da-sexualidade\/\"},\"author\":{\"name\":\"xplastic\",\"@id\":\"https:\/\/xplastic.lv.localhost\/blog\/#\/schema\/person\/345ea20678630d5db42b44e5aa69954b\"},\"headline\":\"Orgulho LGBTI+: a hist\u00f3ria, a luta e a express\u00e3o da sexualidade\",\"datePublished\":\"2019-06-28T12:00:03+00:00\",\"dateModified\":\"2020-02-26T17:38:09+00:00\",\"mainEntityOfPage\":{\"@id\":\"https:\/\/xplastic.com.br\/blog\/orgulho-lgbti-a-historia-a-luta-e-a-expressao-da-sexualidade\/\"},\"wordCount\":2850,\"commentCount\":0,\"publisher\":{\"@id\":\"https:\/\/xplastic.lv.localhost\/blog\/#organization\"},\"articleSection\":[\"Reportagens\"],\"inLanguage\":\"pt-BR\"},{\"@type\":\"WebPage\",\"@id\":\"https:\/\/xplastic.com.br\/blog\/orgulho-lgbti-a-historia-a-luta-e-a-expressao-da-sexualidade\/\",\"url\":\"https:\/\/xplastic.com.br\/blog\/orgulho-lgbti-a-historia-a-luta-e-a-expressao-da-sexualidade\/\",\"name\":\"Orgulho LGBTI+: a hist\u00f3ria, a luta e a express\u00e3o da sexualidade\",\"isPartOf\":{\"@id\":\"https:\/\/xplastic.lv.localhost\/blog\/#website\"},\"datePublished\":\"2019-06-28T12:00:03+00:00\",\"dateModified\":\"2020-02-26T17:38:09+00:00\",\"description\":\"No m\u00eas do Orgulho LGBTI+, a Xplastic preparou um artigo falando sobre a hist\u00f3ria de luta e conquistas da comunidade que busca pela liberdade de ser quem \u00e9.\",\"breadcrumb\":{\"@id\":\"https:\/\/xplastic.com.br\/blog\/orgulho-lgbti-a-historia-a-luta-e-a-expressao-da-sexualidade\/#breadcrumb\"},\"inLanguage\":\"pt-BR\",\"potentialAction\":[{\"@type\":\"ReadAction\",\"target\":[\"https:\/\/xplastic.com.br\/blog\/orgulho-lgbti-a-historia-a-luta-e-a-expressao-da-sexualidade\/\"]}]},{\"@type\":\"BreadcrumbList\",\"@id\":\"https:\/\/xplastic.com.br\/blog\/orgulho-lgbti-a-historia-a-luta-e-a-expressao-da-sexualidade\/#breadcrumb\",\"itemListElement\":[{\"@type\":\"ListItem\",\"position\":1,\"name\":\"In\u00edcio\",\"item\":\"https:\/\/xplastic.lv.localhost\/blog\/\"},{\"@type\":\"ListItem\",\"position\":2,\"name\":\"Orgulho LGBTI+: a hist\u00f3ria, a luta e a express\u00e3o da sexualidade\"}]},{\"@type\":\"WebSite\",\"@id\":\"https:\/\/xplastic.lv.localhost\/blog\/#website\",\"url\":\"https:\/\/xplastic.lv.localhost\/blog\/\",\"name\":\"Xplastic Altporn\",\"description\":\"Porn\u00f4 com hist\u00f3ria, mulheres tatuadas, altporn e muitas pervers\u00f5es!\",\"publisher\":{\"@id\":\"https:\/\/xplastic.lv.localhost\/blog\/#organization\"},\"potentialAction\":[{\"@type\":\"SearchAction\",\"target\":{\"@type\":\"EntryPoint\",\"urlTemplate\":\"https:\/\/xplastic.lv.localhost\/blog\/?s={search_term_string}\"},\"query-input\":\"required name=search_term_string\"}],\"inLanguage\":\"pt-BR\"},{\"@type\":\"Organization\",\"@id\":\"https:\/\/xplastic.lv.localhost\/blog\/#organization\",\"name\":\"X-Plastic Altporn\",\"url\":\"https:\/\/xplastic.lv.localhost\/blog\/\",\"logo\":{\"@type\":\"ImageObject\",\"inLanguage\":\"pt-BR\",\"@id\":\"https:\/\/xplastic.lv.localhost\/blog\/#\/schema\/logo\/image\/\",\"url\":\"https:\/\/xplastic.com.br\/blog\/wp-content\/uploads\/2017\/07\/2017_TalitaporAlexandreMedeiros_Xplastic5.jpg\",\"contentUrl\":\"https:\/\/xplastic.com.br\/blog\/wp-content\/uploads\/2017\/07\/2017_TalitaporAlexandreMedeiros_Xplastic5.jpg\",\"width\":2048,\"height\":1365,\"caption\":\"X-Plastic Altporn\"},\"image\":{\"@id\":\"https:\/\/xplastic.lv.localhost\/blog\/#\/schema\/logo\/image\/\"}},{\"@type\":\"Person\",\"@id\":\"https:\/\/xplastic.lv.localhost\/blog\/#\/schema\/person\/345ea20678630d5db42b44e5aa69954b\",\"name\":\"xplastic\",\"image\":{\"@type\":\"ImageObject\",\"inLanguage\":\"pt-BR\",\"@id\":\"https:\/\/xplastic.lv.localhost\/blog\/#\/schema\/person\/image\/\",\"url\":\"https:\/\/xplastic.com.br\/blog\/wp-content\/litespeed\/avatar\/ed2e87afc9bcdeb2bb6a129f00105799.jpg?ver=1777256292\",\"contentUrl\":\"https:\/\/xplastic.com.br\/blog\/wp-content\/litespeed\/avatar\/ed2e87afc9bcdeb2bb6a129f00105799.jpg?ver=1777256292\",\"caption\":\"xplastic\"},\"url\":\"https:\/\/xplastic.com.br\/blog\/author\/sadminxplastic\/\"}]}<\/script>\n<!-- \/ Yoast SEO plugin. -->","yoast_head_json":{"title":"Orgulho LGBTI+: a hist\u00f3ria, a luta e a express\u00e3o da sexualidade","description":"No m\u00eas do Orgulho LGBTI+, a Xplastic preparou um artigo falando sobre a hist\u00f3ria de luta e conquistas da comunidade que busca pela liberdade de ser quem \u00e9.","robots":{"index":"index","follow":"follow","max-snippet":"max-snippet:-1","max-image-preview":"max-image-preview:large","max-video-preview":"max-video-preview:-1"},"canonical":"https:\/\/xplastic.com.br\/blog\/orgulho-lgbti-a-historia-a-luta-e-a-expressao-da-sexualidade\/","og_locale":"pt_BR","og_type":"article","og_title":"Orgulho LGBTI+: a hist\u00f3ria, a luta e a express\u00e3o da sexualidade","og_description":"No m\u00eas do Orgulho LGBTI+, a Xplastic preparou um artigo falando sobre a hist\u00f3ria de luta e conquistas da comunidade que busca pela liberdade de ser quem \u00e9.","og_url":"https:\/\/xplastic.com.br\/blog\/orgulho-lgbti-a-historia-a-luta-e-a-expressao-da-sexualidade\/","og_site_name":"Xplastic Altporn","article_published_time":"2019-06-28T12:00:03+00:00","article_modified_time":"2020-02-26T17:38:09+00:00","og_image":[{"width":564,"height":423,"url":"https:\/\/xplastic.com.br\/blog\/wp-content\/uploads\/2019\/06\/parada-lgbt.jpg","type":"image\/jpeg"}],"author":"xplastic","twitter_card":"summary_large_image","twitter_misc":{"Escrito por":"xplastic","Est. tempo de leitura":"14 minutos"},"schema":{"@context":"https:\/\/schema.org","@graph":[{"@type":"Article","@id":"https:\/\/xplastic.com.br\/blog\/orgulho-lgbti-a-historia-a-luta-e-a-expressao-da-sexualidade\/#article","isPartOf":{"@id":"https:\/\/xplastic.com.br\/blog\/orgulho-lgbti-a-historia-a-luta-e-a-expressao-da-sexualidade\/"},"author":{"name":"xplastic","@id":"https:\/\/xplastic.lv.localhost\/blog\/#\/schema\/person\/345ea20678630d5db42b44e5aa69954b"},"headline":"Orgulho LGBTI+: a hist\u00f3ria, a luta e a express\u00e3o da sexualidade","datePublished":"2019-06-28T12:00:03+00:00","dateModified":"2020-02-26T17:38:09+00:00","mainEntityOfPage":{"@id":"https:\/\/xplastic.com.br\/blog\/orgulho-lgbti-a-historia-a-luta-e-a-expressao-da-sexualidade\/"},"wordCount":2850,"commentCount":0,"publisher":{"@id":"https:\/\/xplastic.lv.localhost\/blog\/#organization"},"articleSection":["Reportagens"],"inLanguage":"pt-BR"},{"@type":"WebPage","@id":"https:\/\/xplastic.com.br\/blog\/orgulho-lgbti-a-historia-a-luta-e-a-expressao-da-sexualidade\/","url":"https:\/\/xplastic.com.br\/blog\/orgulho-lgbti-a-historia-a-luta-e-a-expressao-da-sexualidade\/","name":"Orgulho LGBTI+: a hist\u00f3ria, a luta e a express\u00e3o da sexualidade","isPartOf":{"@id":"https:\/\/xplastic.lv.localhost\/blog\/#website"},"datePublished":"2019-06-28T12:00:03+00:00","dateModified":"2020-02-26T17:38:09+00:00","description":"No m\u00eas do Orgulho LGBTI+, a Xplastic preparou um artigo falando sobre a hist\u00f3ria de luta e conquistas da comunidade que busca pela liberdade de ser quem \u00e9.","breadcrumb":{"@id":"https:\/\/xplastic.com.br\/blog\/orgulho-lgbti-a-historia-a-luta-e-a-expressao-da-sexualidade\/#breadcrumb"},"inLanguage":"pt-BR","potentialAction":[{"@type":"ReadAction","target":["https:\/\/xplastic.com.br\/blog\/orgulho-lgbti-a-historia-a-luta-e-a-expressao-da-sexualidade\/"]}]},{"@type":"BreadcrumbList","@id":"https:\/\/xplastic.com.br\/blog\/orgulho-lgbti-a-historia-a-luta-e-a-expressao-da-sexualidade\/#breadcrumb","itemListElement":[{"@type":"ListItem","position":1,"name":"In\u00edcio","item":"https:\/\/xplastic.lv.localhost\/blog\/"},{"@type":"ListItem","position":2,"name":"Orgulho LGBTI+: a hist\u00f3ria, a luta e a express\u00e3o da sexualidade"}]},{"@type":"WebSite","@id":"https:\/\/xplastic.lv.localhost\/blog\/#website","url":"https:\/\/xplastic.lv.localhost\/blog\/","name":"Xplastic Altporn","description":"Porn\u00f4 com hist\u00f3ria, mulheres tatuadas, altporn e muitas pervers\u00f5es!","publisher":{"@id":"https:\/\/xplastic.lv.localhost\/blog\/#organization"},"potentialAction":[{"@type":"SearchAction","target":{"@type":"EntryPoint","urlTemplate":"https:\/\/xplastic.lv.localhost\/blog\/?s={search_term_string}"},"query-input":"required name=search_term_string"}],"inLanguage":"pt-BR"},{"@type":"Organization","@id":"https:\/\/xplastic.lv.localhost\/blog\/#organization","name":"X-Plastic Altporn","url":"https:\/\/xplastic.lv.localhost\/blog\/","logo":{"@type":"ImageObject","inLanguage":"pt-BR","@id":"https:\/\/xplastic.lv.localhost\/blog\/#\/schema\/logo\/image\/","url":"https:\/\/xplastic.com.br\/blog\/wp-content\/uploads\/2017\/07\/2017_TalitaporAlexandreMedeiros_Xplastic5.jpg","contentUrl":"https:\/\/xplastic.com.br\/blog\/wp-content\/uploads\/2017\/07\/2017_TalitaporAlexandreMedeiros_Xplastic5.jpg","width":2048,"height":1365,"caption":"X-Plastic Altporn"},"image":{"@id":"https:\/\/xplastic.lv.localhost\/blog\/#\/schema\/logo\/image\/"}},{"@type":"Person","@id":"https:\/\/xplastic.lv.localhost\/blog\/#\/schema\/person\/345ea20678630d5db42b44e5aa69954b","name":"xplastic","image":{"@type":"ImageObject","inLanguage":"pt-BR","@id":"https:\/\/xplastic.lv.localhost\/blog\/#\/schema\/person\/image\/","url":"https:\/\/xplastic.com.br\/blog\/wp-content\/litespeed\/avatar\/ed2e87afc9bcdeb2bb6a129f00105799.jpg?ver=1777256292","contentUrl":"https:\/\/xplastic.com.br\/blog\/wp-content\/litespeed\/avatar\/ed2e87afc9bcdeb2bb6a129f00105799.jpg?ver=1777256292","caption":"xplastic"},"url":"https:\/\/xplastic.com.br\/blog\/author\/sadminxplastic\/"}]}},"_links":{"self":[{"href":"https:\/\/xplastic.com.br\/blog\/wp-json\/wp\/v2\/posts\/3509"}],"collection":[{"href":"https:\/\/xplastic.com.br\/blog\/wp-json\/wp\/v2\/posts"}],"about":[{"href":"https:\/\/xplastic.com.br\/blog\/wp-json\/wp\/v2\/types\/post"}],"author":[{"embeddable":true,"href":"https:\/\/xplastic.com.br\/blog\/wp-json\/wp\/v2\/users\/2"}],"replies":[{"embeddable":true,"href":"https:\/\/xplastic.com.br\/blog\/wp-json\/wp\/v2\/comments?post=3509"}],"version-history":[{"count":0,"href":"https:\/\/xplastic.com.br\/blog\/wp-json\/wp\/v2\/posts\/3509\/revisions"}],"wp:featuredmedia":[{"embeddable":true,"href":"https:\/\/xplastic.com.br\/blog\/wp-json\/wp\/v2\/media\/3518"}],"wp:attachment":[{"href":"https:\/\/xplastic.com.br\/blog\/wp-json\/wp\/v2\/media?parent=3509"}],"wp:term":[{"taxonomy":"category","embeddable":true,"href":"https:\/\/xplastic.com.br\/blog\/wp-json\/wp\/v2\/categories?post=3509"},{"taxonomy":"post_tag","embeddable":true,"href":"https:\/\/xplastic.com.br\/blog\/wp-json\/wp\/v2\/tags?post=3509"}],"curies":[{"name":"wp","href":"https:\/\/api.w.org\/{rel}","templated":true}]}}